{"id":5482,"date":"2019-05-19T21:16:21","date_gmt":"2019-05-19T19:16:21","guid":{"rendered":"http:\/\/usvhofamtpriel.at\/?p=5482"},"modified":"2019-05-19T21:16:21","modified_gmt":"2019-05-19T19:16:21","slug":"aktuelles-der-fussball-damen","status":"publish","type":"post","link":"http:\/\/usvhofamtpriel.at\/?p=5482","title":{"rendered":"Aktuelles der Fu\u00dfball Damen"},"content":{"rendered":"<h2><b>R\u00fcckrunde im \u201eGerman Cup\u201c<\/b><\/h2>\n<p>Mit dem derzeitigen dritten Tabellenplatz starten die M\u00e4dels des UFV Hofamt Priel in die Fr\u00fchjahrsrunde.<br \/>\nDas geplante Nachtragsspiel im Fr\u00fchjahr gegen die Mannschaft aus Maissau findet nicht statt und wird deshalb 3:0 f\u00fcr die Hofamt Prielerinnen gewertet.<\/p>\n<p>Informationen \u00fcber diese Liga findet man auf <a href=\"http:\/\/www.german-cup.at\/\">www.german-cup.at<\/a><\/p>\n<h3><b>Spieltermine f\u00fcr die R\u00fcckrunde: <\/b><\/h3>\n<p>Samstag, 11.5.2019 um 19.00 Uhr RWW Maissau \u2013 UFV Hofamt Priel<\/p>\n<p>Samstag, 18.5.2019, 19.00 Uhr UFV Hofamt Priel &#8211; SV W\u00fcrth B\u00f6heimkirchen<\/p>\n<p>Samstag, 25.5.2019 um 14.00 Uhr SKT Igl&#8217;s \u2013 UFV Hofamt Priel<\/p>\n<p>Pfingstmontag, 10.6.2019 um 15.00 Uhr UFV Hofamt Priel \u2013 FC Gerolding Meedis<\/p>\n<h4><b>Die M\u00e4dels hoffen auf starke Unterst\u00fctzung der Fans!<\/b><\/h4>\n<p><a href=\"http:\/\/usvhofamtpriel.at\/wp-content\/uploads\/2019\/05\/usv-damen.png\"><img decoding=\"async\" loading=\"lazy\" width=\"489\" height=\"679\" class=\"aligncenter wp-image-5483 size-full\" alt=\"\" src=\"http:\/\/usvhofamtpriel.at\/wp-content\/uploads\/2019\/05\/usv-damen.png\" srcset=\"http:\/\/usvhofamtpriel.at\/wp-content\/uploads\/2019\/05\/usv-damen.png 489w, http:\/\/usvhofamtpriel.at\/wp-content\/uploads\/2019\/05\/usv-damen-216x300.png 216w, http:\/\/usvhofamtpriel.at\/wp-content\/uploads\/2019\/05\/usv-damen-108x150.png 108w\" sizes=\"(max-width: 489px) 100vw, 489px\" \/><\/a><\/p>\n<p>&nbsp;<\/p>\n","protected":false},"excerpt":{"rendered":"<p>R\u00fcckrunde im \u201eGerman Cup\u201c Mit dem derzeitigen dritten Tabellenplatz starten die M\u00e4dels des UFV Hofamt Priel in die Fr\u00fchjahrsrunde. Das geplante Nachtragsspiel im Fr\u00fchjahr gegen die Mannschaft aus Maissau findet nicht statt und wird deshalb 3:0 f\u00fcr die Hofamt Prielerinnen gewertet. Informationen \u00fcber diese Liga findet man auf www.german-cup.at Spieltermine\u2026<\/p>\n<p class=\"continue-reading-button\"> <a class=\"continue-reading-link\" href=\"http:\/\/usvhofamtpriel.at\/?p=5482\">mehr<i class=\"crycon-right-dir\"><\/i><\/a><\/p>\n","protected":false},"author":1,"featured_media":5483,"comment_status":"closed","ping_status":"closed","sticky":false,"template":"","format":"standard","meta":[],"categories":[1,4,6],"tags":[],"_links":{"self":[{"href":"http:\/\/usvhofamtpriel.at\/index.php?rest_route=\/wp\/v2\/posts\/5482"}],"collection":[{"href":"http:\/\/usvhofamtpriel.at\/index.php?rest_route=\/wp\/v2\/posts"}],"about":[{"href":"http:\/\/usvhofamtpriel.at\/index.php?rest_route=\/wp\/v2\/types\/post"}],"author":[{"embeddable":true,"href":"http:\/\/usvhofamtpriel.at\/index.php?rest_route=\/wp\/v2\/users\/1"}],"replies":[{"embeddable":true,"href":"http:\/\/usvhofamtpriel.at\/index.php?rest_route=%2Fwp%2Fv2%2Fcomments&post=5482"}],"version-history":[{"count":2,"href":"http:\/\/usvhofamtpriel.at\/index.php?rest_route=\/wp\/v2\/posts\/5482\/revisions"}],"predecessor-version":[{"id":5485,"href":"http:\/\/usvhofamtpriel.at\/index.php?rest_route=\/wp\/v2\/posts\/5482\/revisions\/5485"}],"wp:featuredmedia":[{"embeddable":true,"href":"http:\/\/usvhofamtpriel.at\/index.php?rest_route=\/wp\/v2\/media\/5483"}],"wp:attachment":[{"href":"http:\/\/usvhofamtpriel.at\/index.php?rest_route=%2Fwp%2Fv2%2Fmedia&parent=5482"}],"wp:term":[{"taxonomy":"category","embeddable":true,"href":"http:\/\/usvhofamtpriel.at\/index.php?rest_route=%2Fwp%2Fv2%2Fcategories&post=5482"},{"taxonomy":"post_tag","embeddable":true,"href":"http:\/\/usvhofamtpriel.at\/index.php?rest_route=%2Fwp%2Fv2%2Ftags&post=5482"}],"curies":[{"name":"wp","href":"https:\/\/api.w.org\/{rel}","templated":true}]}}