{"id":5123,"date":"2017-08-11T10:04:32","date_gmt":"2017-08-11T08:04:32","guid":{"rendered":"http:\/\/usvhofamtpriel.at\/?p=5123"},"modified":"2017-09-12T08:05:26","modified_gmt":"2017-09-12T06:05:26","slug":"das-war-das-sportfest-2017","status":"publish","type":"post","link":"http:\/\/usvhofamtpriel.at\/?p=5123","title":{"rendered":"Das war das Sportfest 2017"},"content":{"rendered":"<p><span lang=\"DE\" style=\"margin: 0px; color: #333333; font-family: 'Georgia',serif; font-size: 10pt;\">Von Freitag, 21. Juli, bis Sonntag, 23. Juli, ging das traditionelle Sportfest \u00fcber die B\u00fchne. Den Besuchern wurde wie immer ein umfangreiches Programm, gemischt aus Sport und Unterhaltung, geboten.<\/span><\/p>\n<p><span lang=\"DE\" style=\"margin: 0px; color: #333333; font-family: 'Georgia',serif; font-size: 10pt;\">Los ging\u2019s am Freitag bereits um 17.00 Uhr mit dem Fu\u00dfballmatch ASK Ybbs\/U23 gegen N\u00f6chling. Darauf folgte das \u2013 mittlerweile zum Fixpunkt beim Festprogramm des USV Hofamt Priel gewordene \u2013 Derby zwischen SV Gottsdorf Marbach Persebeug und ASK Ybbs. Dieses endete mit einem 2:4 Erfolg der Ybbser.<\/span><\/p>\n<p><span lang=\"DE\" style=\"margin: 0px; color: #333333; font-family: 'Georgia',serif; font-size: 10pt;\">Im Anschluss an die beiden Fu\u00dfballspiele folgte um 21:00 Uhr die offizielle Fester\u00f6ffnung durch den Obmann des USV Lukas Bachinger. Unterhalten wurden unsere G\u00e4ste heuer erstmals von der Band \u201eEuropaexpress\u201c.<\/span><\/p>\n<p><span lang=\"DE\" style=\"margin: 0px; color: #333333; font-family: 'Georgia',serif; font-size: 10pt;\">Am Samstag ging es bereits um 11:00 Uhr sportlich mit der Vereins- und Firmen Champions League weiter. 12 Mannschaften k\u00e4mpften in Gruppen- und Finalspielen um den Titel. Als Sieger ging heuer die SP\u00d6 Hofamt Priel vom Platz.<\/span><\/p>\n<p><span lang=\"DE\" style=\"margin: 0px; color: #333333; line-height: 107%; font-family: 'Georgia',serif; font-size: 10pt;\">Die weiteren R\u00e4nge:<\/span><span lang=\"DE\" style=\"margin: 0px; color: #333333; line-height: 107%; font-family: 'Georgia',serif; font-size: 10pt;\"><br \/>\n<\/span><\/p>\n<div id=\"attachment_5129\" style=\"width: 510px\" class=\"wp-caption alignright\"><a href=\"http:\/\/usvhofamtpriel.at\/wp-content\/uploads\/2017\/09\/IMG_20170722_172050.jpg\"><img aria-describedby=\"caption-attachment-5129\" decoding=\"async\" loading=\"lazy\" width=\"500\" height=\"375\" class=\"wp-image-5129\" alt=\"\" src=\"http:\/\/usvhofamtpriel.at\/wp-content\/uploads\/2017\/09\/IMG_20170722_172050-300x225.jpg\" srcset=\"http:\/\/usvhofamtpriel.at\/wp-content\/uploads\/2017\/09\/IMG_20170722_172050-300x225.jpg 300w, http:\/\/usvhofamtpriel.at\/wp-content\/uploads\/2017\/09\/IMG_20170722_172050-768x576.jpg 768w, http:\/\/usvhofamtpriel.at\/wp-content\/uploads\/2017\/09\/IMG_20170722_172050-1024x768.jpg 1024w, http:\/\/usvhofamtpriel.at\/wp-content\/uploads\/2017\/09\/IMG_20170722_172050-150x113.jpg 150w, http:\/\/usvhofamtpriel.at\/wp-content\/uploads\/2017\/09\/IMG_20170722_172050-1150x863.jpg 1150w\" sizes=\"(max-width: 500px) 100vw, 500px\" \/><\/a><p id=\"caption-attachment-5129\" class=\"wp-caption-text\">Turnier Sportfest 2017<\/p><\/div>\n<p>2. SP\u00d6 Persenbeug<br \/>\n3. Senioren Gottsdorf<br \/>\n4. Firma Slawitschek<br \/>\n5. Schnapskompanie<br \/>\n6. Sportsch\u00fctzenverein Biberbac<br \/>\n7. \u00d6AAB Hofamt Priel<br \/>\n8. Fima Z&amp;K<br \/>\n9. FP\u00d6 Hofamt Priel<br \/>\n10. Firma Weitmann<br \/>\n11. Freiwillige Feuerwehr Weins<br \/>\n12. SV Granz<\/p>\n<p>&nbsp;<\/p>\n<p><span lang=\"DE\" style=\"margin: 0px; color: #333333; font-family: 'Georgia',serif; font-size: 10pt;\">Auf den sportlichen Nachmittag folgte abends beste Unterhaltung mit \u201eDie Mostlandst\u00fcrmer\u201c. Die Band spielte heuer bereits zum zweiten Mal in der Stocksport- und Veranstaltungshalle auf und bot gewohnt tolle Unterhaltung und Musik bis sp\u00e4t in die Nacht.<\/span><\/p>\n<p><span lang=\"DE\" style=\"margin: 0px; color: #333333; font-family: 'Georgia',serif; font-size: 10pt;\">Der Sonntag begann schlie\u00dflich um 09:00 Uhr mit der Festmesse, zelebriert von Herrn Pfarrer Mag. Jan Skryzpek. Musikalisch gestaltet wurde die Messe heuer erstmals vom Rottenberger Chor.<\/span><\/p>\n<p><span lang=\"DE\" style=\"margin: 0px; color: #333333; line-height: 107%; font-family: 'Georgia',serif; font-size: 10pt;\">Anschlie\u00dfend an die Festmesse folgte der obligatorische Fr\u00fchschoppen, wo heuer das zweite Mal \u201eDie Weinser Teufel\u201c aufspielten. Die beiden Koch-Br\u00fcder brachten nochmals richtig Stimmung in die Halle und sorgten so f\u00fcr einen grandiosen Abschluss des heurigen Sportfestes.<\/span><\/p>\n<p>[ngg_images source=&#8220;galleries&#8220; container_ids=&#8220;31&#8243; display_type=&#8220;photocrati-nextgen_basic_thumbnails&#8220; override_thumbnail_settings=&#8220;0&#8243; thumbnail_width=&#8220;120&#8243; thumbnail_height=&#8220;90&#8243; thumbnail_crop=&#8220;1&#8243; images_per_page=&#8220;20&#8243; number_of_columns=&#8220;0&#8243; ajax_pagination=&#8220;0&#8243; show_all_in_lightbox=&#8220;0&#8243; use_imagebrowser_effect=&#8220;0&#8243; show_slideshow_link=&#8220;1&#8243; slideshow_link_text=&#8220;[Zeige eine Slideshow]&#8220; order_by=&#8220;sortorder&#8220; order_direction=&#8220;ASC&#8220; returns=&#8220;included&#8220; maximum_entity_count=&#8220;500&#8243;]<\/p>\n","protected":false},"excerpt":{"rendered":"<p>Von Freitag, 21. Juli, bis Sonntag, 23. Juli, ging das traditionelle Sportfest \u00fcber die B\u00fchne. Den Besuchern wurde wie immer ein umfangreiches Programm, gemischt aus Sport und Unterhaltung, geboten. Los ging\u2019s am Freitag bereits um 17.00 Uhr mit dem Fu\u00dfballmatch ASK Ybbs\/U23 gegen N\u00f6chling. Darauf folgte das \u2013 mittlerweile zum\u2026<\/p>\n<p class=\"continue-reading-button\"> <a class=\"continue-reading-link\" href=\"http:\/\/usvhofamtpriel.at\/?p=5123\">mehr<i class=\"crycon-right-dir\"><\/i><\/a><\/p>\n","protected":false},"author":1,"featured_media":5128,"comment_status":"closed","ping_status":"closed","sticky":false,"template":"","format":"standard","meta":[],"categories":[1,9],"tags":[],"_links":{"self":[{"href":"http:\/\/usvhofamtpriel.at\/index.php?rest_route=\/wp\/v2\/posts\/5123"}],"collection":[{"href":"http:\/\/usvhofamtpriel.at\/index.php?rest_route=\/wp\/v2\/posts"}],"about":[{"href":"http:\/\/usvhofamtpriel.at\/index.php?rest_route=\/wp\/v2\/types\/post"}],"author":[{"embeddable":true,"href":"http:\/\/usvhofamtpriel.at\/index.php?rest_route=\/wp\/v2\/users\/1"}],"replies":[{"embeddable":true,"href":"http:\/\/usvhofamtpriel.at\/index.php?rest_route=%2Fwp%2Fv2%2Fcomments&post=5123"}],"version-history":[{"count":6,"href":"http:\/\/usvhofamtpriel.at\/index.php?rest_route=\/wp\/v2\/posts\/5123\/revisions"}],"predecessor-version":[{"id":5286,"href":"http:\/\/usvhofamtpriel.at\/index.php?rest_route=\/wp\/v2\/posts\/5123\/revisions\/5286"}],"wp:featuredmedia":[{"embeddable":true,"href":"http:\/\/usvhofamtpriel.at\/index.php?rest_route=\/wp\/v2\/media\/5128"}],"wp:attachment":[{"href":"http:\/\/usvhofamtpriel.at\/index.php?rest_route=%2Fwp%2Fv2%2Fmedia&parent=5123"}],"wp:term":[{"taxonomy":"category","embeddable":true,"href":"http:\/\/usvhofamtpriel.at\/index.php?rest_route=%2Fwp%2Fv2%2Fcategories&post=5123"},{"taxonomy":"post_tag","embeddable":true,"href":"http:\/\/usvhofamtpriel.at\/index.php?rest_route=%2Fwp%2Fv2%2Ftags&post=5123"}],"curies":[{"name":"wp","href":"https:\/\/api.w.org\/{rel}","templated":true}]}}