{"id":5073,"date":"2017-06-06T12:47:50","date_gmt":"2017-06-06T10:47:50","guid":{"rendered":"http:\/\/usvhofamtpriel.at\/?p=5073"},"modified":"2017-06-06T12:47:50","modified_gmt":"2017-06-06T10:47:50","slug":"letztes-damenmatch-der-saison-201617","status":"publish","type":"post","link":"http:\/\/usvhofamtpriel.at\/?p=5073","title":{"rendered":"Letztes Damenmatch der Saison 2016\/17"},"content":{"rendered":"<div id=\"attachment_5074\" style=\"width: 310px\" class=\"wp-caption alignright\"><a href=\"http:\/\/usvhofamtpriel.at\/wp-content\/uploads\/2017\/06\/Ballspende-Franz-Eder-1.jpg\"><img aria-describedby=\"caption-attachment-5074\" decoding=\"async\" loading=\"lazy\" width=\"300\" height=\"169\" class=\"wp-image-5074 size-medium\" alt=\"\" src=\"http:\/\/usvhofamtpriel.at\/wp-content\/uploads\/2017\/06\/Ballspende-Franz-Eder-1-300x169.jpg\" srcset=\"http:\/\/usvhofamtpriel.at\/wp-content\/uploads\/2017\/06\/Ballspende-Franz-Eder-1-300x169.jpg 300w, http:\/\/usvhofamtpriel.at\/wp-content\/uploads\/2017\/06\/Ballspende-Franz-Eder-1-768x432.jpg 768w, http:\/\/usvhofamtpriel.at\/wp-content\/uploads\/2017\/06\/Ballspende-Franz-Eder-1-1024x576.jpg 1024w, http:\/\/usvhofamtpriel.at\/wp-content\/uploads\/2017\/06\/Ballspende-Franz-Eder-1-150x84.jpg 150w, http:\/\/usvhofamtpriel.at\/wp-content\/uploads\/2017\/06\/Ballspende-Franz-Eder-1-1150x647.jpg 1150w, http:\/\/usvhofamtpriel.at\/wp-content\/uploads\/2017\/06\/Ballspende-Franz-Eder-1.jpg 1599w\" sizes=\"(max-width: 300px) 100vw, 300px\" \/><\/a><p id=\"caption-attachment-5074\" class=\"wp-caption-text\">Matchballspende GGR Franz Eder<\/p><\/div>\n<p>Am 28.5.2017 fand das letzte Match der UFV Damen in ihrer ersten Saison in der Joker M\u00f6bel Frauengruppe West statt. Gegner war niemand geringerer als der aktuelle Tabellenf\u00fchrer &#8211; USV Ferschnitz. <strong>Ein herzlichen Dankesch\u00f6n gilt Herrn GGR Franz Eder f\u00fcr die Matchballspende.<\/strong><\/p>\n<p>Die M\u00e4dels wussten, dass im letzten Match ein besonders starker Gegner auf sie wartete. Da mit Irene Hofstetter und Petra Rafetseder zwei Sch\u00fcsselspielerinnen in der Startelf fehlten, kamen unsere Youngsters zum Zug. Obwohl die M\u00e4dl&#8217;s alles versuchten, konnten Sie die zahlreichen Gegentore nicht verhindern. Lediglich ein Ehrentreffer gegen Ende der Partie war drinnen: Nicole Aistleitner schoss einen Freisto\u00df von der Mittellinie Richtung gegnerisches Tor, die Torfrau konnte den Ball nur kurz abwehren, Marion Aistleitner setzte nach und&nbsp;spielte den Ball zu Carmen Porranzl, die den Ehrentreffer der UFV Damen erzielte.<\/p>\n<p>Der Endstand des Spiels fiel mit 1:8 zwar wie erwartet sehr eindeutig f\u00fcr den USV Ferschnitz aus, allerdings schlugen sich unsere jungen M\u00e4dl&#8217;s hervorragend &#8211; WIR SIND STOLZ AUF EUCH!<\/p>\n<h3>Die Bilanz der ersten Saison in der N\u00d6FV Joker M\u00f6bel Frauengruppe West:<\/h3>\n<p>Es waren 14 harte Matches gegen spielerisch gute und erfahrene Mannschaften. Lediglich ein Match konnte man f\u00fcr sich entscheiden. Die UFV M\u00e4dl&#8217;s landen daher abgeschlagen mit nur 3 Punkten auf dem letzten Platz. Aber die Damen geben nicht auf, auch im Fr\u00fchjahr konnte die Mannschaft wieder ein paar sehr junge neue Spielerinnen f\u00fcr die Zukunft gewinnen. Nach der ersten Saison wei\u00df man jetzt wo man steht. Im Sommer hei\u00dft es flei\u00dfig trainieren, dann kann die n\u00e4chste Saison bald kommen.<\/p>\n<p>[ngg_images source=&#8220;galleries&#8220; container_ids=&#8220;30&#8243; display_type=&#8220;photocrati-nextgen_basic_thumbnails&#8220; override_thumbnail_settings=&#8220;0&#8243; thumbnail_width=&#8220;120&#8243; thumbnail_height=&#8220;90&#8243; thumbnail_crop=&#8220;1&#8243; images_per_page=&#8220;20&#8243; number_of_columns=&#8220;0&#8243; ajax_pagination=&#8220;0&#8243; show_all_in_lightbox=&#8220;0&#8243; use_imagebrowser_effect=&#8220;0&#8243; show_slideshow_link=&#8220;1&#8243; slideshow_link_text=&#8220;[Zeige eine Slideshow]&#8220; order_by=&#8220;sortorder&#8220; order_direction=&#8220;ASC&#8220; returns=&#8220;included&#8220; maximum_entity_count=&#8220;500&#8243;]<\/p>\n","protected":false},"excerpt":{"rendered":"<p>Am 28.5.2017 fand das letzte Match der UFV Damen in ihrer ersten Saison in der Joker M\u00f6bel Frauengruppe West statt. Gegner war niemand geringerer als der aktuelle Tabellenf\u00fchrer &#8211; USV Ferschnitz. Ein herzlichen Dankesch\u00f6n gilt Herrn GGR Franz Eder f\u00fcr die Matchballspende. Die M\u00e4dels wussten, dass im letzten Match ein\u2026<\/p>\n<p class=\"continue-reading-button\"> <a class=\"continue-reading-link\" href=\"http:\/\/usvhofamtpriel.at\/?p=5073\">mehr<i class=\"crycon-right-dir\"><\/i><\/a><\/p>\n","protected":false},"author":1,"featured_media":5074,"comment_status":"closed","ping_status":"closed","sticky":false,"template":"","format":"standard","meta":[],"categories":[1,4,6,11],"tags":[],"_links":{"self":[{"href":"http:\/\/usvhofamtpriel.at\/index.php?rest_route=\/wp\/v2\/posts\/5073"}],"collection":[{"href":"http:\/\/usvhofamtpriel.at\/index.php?rest_route=\/wp\/v2\/posts"}],"about":[{"href":"http:\/\/usvhofamtpriel.at\/index.php?rest_route=\/wp\/v2\/types\/post"}],"author":[{"embeddable":true,"href":"http:\/\/usvhofamtpriel.at\/index.php?rest_route=\/wp\/v2\/users\/1"}],"replies":[{"embeddable":true,"href":"http:\/\/usvhofamtpriel.at\/index.php?rest_route=%2Fwp%2Fv2%2Fcomments&post=5073"}],"version-history":[{"count":1,"href":"http:\/\/usvhofamtpriel.at\/index.php?rest_route=\/wp\/v2\/posts\/5073\/revisions"}],"predecessor-version":[{"id":5075,"href":"http:\/\/usvhofamtpriel.at\/index.php?rest_route=\/wp\/v2\/posts\/5073\/revisions\/5075"}],"wp:featuredmedia":[{"embeddable":true,"href":"http:\/\/usvhofamtpriel.at\/index.php?rest_route=\/wp\/v2\/media\/5074"}],"wp:attachment":[{"href":"http:\/\/usvhofamtpriel.at\/index.php?rest_route=%2Fwp%2Fv2%2Fmedia&parent=5073"}],"wp:term":[{"taxonomy":"category","embeddable":true,"href":"http:\/\/usvhofamtpriel.at\/index.php?rest_route=%2Fwp%2Fv2%2Fcategories&post=5073"},{"taxonomy":"post_tag","embeddable":true,"href":"http:\/\/usvhofamtpriel.at\/index.php?rest_route=%2Fwp%2Fv2%2Ftags&post=5073"}],"curies":[{"name":"wp","href":"https:\/\/api.w.org\/{rel}","templated":true}]}}