{"id":4424,"date":"2016-09-05T12:24:26","date_gmt":"2016-09-05T10:24:26","guid":{"rendered":"http:\/\/usvhofamtpriel.at\/?p=4424"},"modified":"2016-09-05T13:28:46","modified_gmt":"2016-09-05T11:28:46","slug":"neuerliche-niederlage-in-der-zweiten-runde","status":"publish","type":"post","link":"http:\/\/usvhofamtpriel.at\/?p=4424","title":{"rendered":"Neuerliche Niederlage in der zweiten Runde"},"content":{"rendered":"<p>In der zweiten Runde der Melktaler Hobbyliga ging es\u00a0am 3.9.2016\u00a0f\u00fcr unsere Herren \u2013 mit leider recht kleinem Kader \u2013 zum FC Corona.<\/p>\n<p>Bereits in der dritten Minute musste unser Innenverteidiger Alexander Moser verletzt vom Platz. Trotz der damit verbundenen fr\u00fchen Umstellung versuchten unsere Herren auf die Leistung aus dem letzten Spiel aufzubauen und gingen schnell mit 0:1 in F\u00fchrung, kurz darauf konnte Lukas Bachinger durch einen Freisto\u00dftreffer auf 0:2 erh\u00f6hen. In den ersten 30 Minuten bestimmten unsere Herren das Spielgeschehen \u00fcber weite Strecken, doch auch dem Gegner gelangen die ersten Treffer.<\/p>\n<p>Beim Spielstand von 2:4 riss leider der Faden im Spiel des UFV und so konnte Corona gleich vier weitere Treffer zum 6:4 erzielen. In der letzten Phase des Spiels musste zudem Jan G\u00f6bl mit Rot und Christian Schachenhofer ebenfalls verletzungsbedingt vom Platz.<\/p>\n<p>Ein durch Franz Payreder verwandelter Elfmeter in der letzten Minute war dann nicht mehr als Ergebniskorrektur. Der Endstand 6:5.<\/p>\n<p>Nach dieser \u2013 vor allem in Halbzeit zwei \u2013 schwachen Leistung hei\u00dft es nun f\u00fcr die Herren sich zu sammeln und auf die n\u00e4chsten Spiele zu konzentrieren.<\/p>\n<p>Torsch\u00fctzen: 3x Franz Payreder, 1x Lukas Bachinger, 1x Michael Hofst\u00e4tter<\/p>\n","protected":false},"excerpt":{"rendered":"<p>In der zweiten Runde der Melktaler Hobbyliga ging es\u00a0am 3.9.2016\u00a0f\u00fcr unsere Herren \u2013 mit leider recht kleinem Kader \u2013 zum FC Corona. Bereits in der dritten Minute musste unser Innenverteidiger Alexander Moser verletzt vom Platz. Trotz der damit verbundenen fr\u00fchen Umstellung versuchten unsere Herren auf die Leistung aus dem letzten\u2026<\/p>\n<p class=\"continue-reading-button\"> <a class=\"continue-reading-link\" href=\"http:\/\/usvhofamtpriel.at\/?p=4424\">mehr<i class=\"crycon-right-dir\"><\/i><\/a><\/p>\n","protected":false},"author":1,"featured_media":0,"comment_status":"closed","ping_status":"closed","sticky":false,"template":"","format":"standard","meta":[],"categories":[1,4,5,12],"tags":[],"_links":{"self":[{"href":"http:\/\/usvhofamtpriel.at\/index.php?rest_route=\/wp\/v2\/posts\/4424"}],"collection":[{"href":"http:\/\/usvhofamtpriel.at\/index.php?rest_route=\/wp\/v2\/posts"}],"about":[{"href":"http:\/\/usvhofamtpriel.at\/index.php?rest_route=\/wp\/v2\/types\/post"}],"author":[{"embeddable":true,"href":"http:\/\/usvhofamtpriel.at\/index.php?rest_route=\/wp\/v2\/users\/1"}],"replies":[{"embeddable":true,"href":"http:\/\/usvhofamtpriel.at\/index.php?rest_route=%2Fwp%2Fv2%2Fcomments&post=4424"}],"version-history":[{"count":2,"href":"http:\/\/usvhofamtpriel.at\/index.php?rest_route=\/wp\/v2\/posts\/4424\/revisions"}],"predecessor-version":[{"id":4433,"href":"http:\/\/usvhofamtpriel.at\/index.php?rest_route=\/wp\/v2\/posts\/4424\/revisions\/4433"}],"wp:attachment":[{"href":"http:\/\/usvhofamtpriel.at\/index.php?rest_route=%2Fwp%2Fv2%2Fmedia&parent=4424"}],"wp:term":[{"taxonomy":"category","embeddable":true,"href":"http:\/\/usvhofamtpriel.at\/index.php?rest_route=%2Fwp%2Fv2%2Fcategories&post=4424"},{"taxonomy":"post_tag","embeddable":true,"href":"http:\/\/usvhofamtpriel.at\/index.php?rest_route=%2Fwp%2Fv2%2Ftags&post=4424"}],"curies":[{"name":"wp","href":"https:\/\/api.w.org\/{rel}","templated":true}]}}