{"id":4306,"date":"2016-08-07T20:28:37","date_gmt":"2016-08-07T18:28:37","guid":{"rendered":"http:\/\/usvhofamtpriel.at\/?p=4306"},"modified":"2016-08-07T20:28:37","modified_gmt":"2016-08-07T18:28:37","slug":"trainingslager-ufv-damen","status":"publish","type":"post","link":"http:\/\/usvhofamtpriel.at\/?p=4306","title":{"rendered":"Trainingslager UFV Damen"},"content":{"rendered":"<p><a href=\"http:\/\/usvhofamtpriel.at\/wp-content\/uploads\/2016\/08\/IMG-20160731-WA0015.jpg\"><img decoding=\"async\" loading=\"lazy\" class=\"alignright wp-image-4390\" src=\"http:\/\/usvhofamtpriel.at\/wp-content\/uploads\/2016\/08\/IMG-20160731-WA0015-1024x576.jpg\" alt=\"IMG-20160731-WA0015\" width=\"500\" height=\"281\" srcset=\"http:\/\/usvhofamtpriel.at\/wp-content\/uploads\/2016\/08\/IMG-20160731-WA0015-1024x576.jpg 1024w, http:\/\/usvhofamtpriel.at\/wp-content\/uploads\/2016\/08\/IMG-20160731-WA0015-300x169.jpg 300w, http:\/\/usvhofamtpriel.at\/wp-content\/uploads\/2016\/08\/IMG-20160731-WA0015-768x432.jpg 768w, http:\/\/usvhofamtpriel.at\/wp-content\/uploads\/2016\/08\/IMG-20160731-WA0015-250x141.jpg 250w, http:\/\/usvhofamtpriel.at\/wp-content\/uploads\/2016\/08\/IMG-20160731-WA0015-150x84.jpg 150w, http:\/\/usvhofamtpriel.at\/wp-content\/uploads\/2016\/08\/IMG-20160731-WA0015-1150x647.jpg 1150w, http:\/\/usvhofamtpriel.at\/wp-content\/uploads\/2016\/08\/IMG-20160731-WA0015.jpg 1599w\" sizes=\"(max-width: 500px) 100vw, 500px\" \/><\/a>Von Freitag den 29.07. bis Sonntag den 31.07.2016 hielten die Damen des UFV Hofamt Priel ihr j\u00e4hrliches Trainingslager auf der Sportanlage in Hofamt Priel ab.<\/p>\n<p>Da die Witterungsverh\u00e4ltnisse in den letzten Wochen unserem Platz doch etwas mehr zugesetzt haben, konnte noch kein Training abgehalten werden und so gingen die Damen noch recht untrainiert ins Wochenende.<\/p>\n<p>Gestartet wurde das Trainingslager am Freitag gleich mit dem ersten Vorbereitungsmatch. Zu Gast waren die Damen aus Waldhausen\/Zwettl (Gebietsliga Waldviertel). \u00dcber weite Strecken konnten unsere M\u00e4dls recht gut mithalten, gingen sogar mit 1:0 in F\u00fchrung, doch dann zeigten die G\u00e4ste ihr spielerisches und vor allem taktisches K\u00f6nnen und konnten so einige Treffer erzielen. Das Spiel endete mit 2:4. Torsch\u00fctzen f\u00fcr den UFV: Marion Aistleitner und Petra Rafetseder.<\/p>\n<p>Am Samstag folgte nach einem gemeinsamen Fr\u00fchst\u00fcck am Vormittag die erste &#8211; recht intensive &#8211; Trainingseinheit. Ins Schwitzen kamen die M\u00e4dls aber nicht nur wegen des Trainings, sondern auch aufgrund der hochsommerlichen Temperaturen. Nach dem Mittagessen folgten um 14:00 und 18:00 noch zwei weitere Trainingseinheiten.<\/p>\n<p>Bei der vierten \u2013 und letzten \u2013 Trainingseinheit am Sonntag Vormittag wurden die M\u00e4dls dann von einigen Spielern der Herrenmannschaft unterst\u00fctzt \u2013 die intensive Beanspruchung der beiden vergangenen Tage hatte so manchen Muskelkater verursacht \ud83d\ude09<\/p>\n<p>Ganz besonderen Dank m\u00f6chten wir an dieser Stelle Andreas und Regina Brunner f\u00fcr die \u2013 wie immer \u2013 ausgezeichnete kulinarische Versorgung w\u00e4hrend des Wochenendes aussprechen!<\/p>\n<p><img decoding=\"async\" class=\"ngg_displayed_gallery mceItem\" src=\"http:\/\/usvhofamtpriel.at\/index.php\/nextgen-attach_to_post\/preview\/id--4389\" data-mce-placeholder=\"1\" \/><\/p>\n","protected":false},"excerpt":{"rendered":"<p>Von Freitag den 29.07. bis Sonntag den 31.07.2016 hielten die Damen des UFV Hofamt Priel ihr j\u00e4hrliches Trainingslager auf der Sportanlage in Hofamt Priel ab. Da die Witterungsverh\u00e4ltnisse in den letzten Wochen unserem Platz doch etwas mehr zugesetzt haben, konnte noch kein Training abgehalten werden und so gingen die Damen\u2026<\/p>\n<p class=\"continue-reading-button\"> <a class=\"continue-reading-link\" href=\"http:\/\/usvhofamtpriel.at\/?p=4306\">mehr<i class=\"crycon-right-dir\"><\/i><\/a><\/p>\n","protected":false},"author":1,"featured_media":4390,"comment_status":"closed","ping_status":"closed","sticky":false,"template":"","format":"standard","meta":[],"categories":[1,4,6],"tags":[],"_links":{"self":[{"href":"http:\/\/usvhofamtpriel.at\/index.php?rest_route=\/wp\/v2\/posts\/4306"}],"collection":[{"href":"http:\/\/usvhofamtpriel.at\/index.php?rest_route=\/wp\/v2\/posts"}],"about":[{"href":"http:\/\/usvhofamtpriel.at\/index.php?rest_route=\/wp\/v2\/types\/post"}],"author":[{"embeddable":true,"href":"http:\/\/usvhofamtpriel.at\/index.php?rest_route=\/wp\/v2\/users\/1"}],"replies":[{"embeddable":true,"href":"http:\/\/usvhofamtpriel.at\/index.php?rest_route=%2Fwp%2Fv2%2Fcomments&post=4306"}],"version-history":[{"count":1,"href":"http:\/\/usvhofamtpriel.at\/index.php?rest_route=\/wp\/v2\/posts\/4306\/revisions"}],"predecessor-version":[{"id":4391,"href":"http:\/\/usvhofamtpriel.at\/index.php?rest_route=\/wp\/v2\/posts\/4306\/revisions\/4391"}],"wp:featuredmedia":[{"embeddable":true,"href":"http:\/\/usvhofamtpriel.at\/index.php?rest_route=\/wp\/v2\/media\/4390"}],"wp:attachment":[{"href":"http:\/\/usvhofamtpriel.at\/index.php?rest_route=%2Fwp%2Fv2%2Fmedia&parent=4306"}],"wp:term":[{"taxonomy":"category","embeddable":true,"href":"http:\/\/usvhofamtpriel.at\/index.php?rest_route=%2Fwp%2Fv2%2Fcategories&post=4306"},{"taxonomy":"post_tag","embeddable":true,"href":"http:\/\/usvhofamtpriel.at\/index.php?rest_route=%2Fwp%2Fv2%2Ftags&post=4306"}],"curies":[{"name":"wp","href":"https:\/\/api.w.org\/{rel}","templated":true}]}}