{"id":4298,"date":"2016-07-20T20:04:55","date_gmt":"2016-07-20T18:04:55","guid":{"rendered":"http:\/\/usvhofamtpriel.at\/?p=4298"},"modified":"2016-08-07T20:14:56","modified_gmt":"2016-08-07T18:14:56","slug":"sportfest-2016-2","status":"publish","type":"post","link":"http:\/\/usvhofamtpriel.at\/?p=4298","title":{"rendered":"Sportfest 2016"},"content":{"rendered":"<p>Von Freitag, 15. Juli, bis Sonntag, 17. Juli, ging das traditionelle Sportfest \u00fcber die B\u00fchne. Den Besuchern wurde wie immer ein umfangreiches Programm, gemischt aus Sport und Unterhaltung, geboten.<\/p>\n<p>Los ging\u2019s am Freitag bereits um 17.00 Uhr mit dem Jugendspiel der Burschen des SV Gottsdorf Marbach Persenbeug gegen den ASK Ybbs. Darauf folgte das \u2013 mittlerweile zum Fixpunkt beim Festprogramm des USV Hofamt Priel gewordene \u2013 Derby zwischen SV Gottsdorf Marbach Persebeug und ASK Ybbs. Dieses endete mit einem 3:4 Erfolg der Ybbser.<\/p>\n<p>Im Anschluss an die beiden Fu\u00dfballspiele folgte um 21:00 Uhr die offizielle Fester\u00f6ffnung durch den Obmann des USV Lukas Bachinger. Unterhalten wurden unsere G\u00e4ste heuer erstmals von der Band \u201eDie Mostlandst\u00fcrmer\u201c.<\/p>\n<p>Am Samstag ging es bereits um 11:00 Uhr sportlich mit der Vereins- und Firmen Champions League weiter. 16 Mannschaften k\u00e4mpften in Gruppen- und Finalspielen um den Titel. Als Sieger ging heuer der \u00d6AAB Hofamt Priel vom Platz.<\/p>\n<p>Die weiteren R\u00e4ng<a href=\"http:\/\/usvhofamtpriel.at\/wp-content\/uploads\/2016\/07\/IMAG1839.jpg\"><img decoding=\"async\" loading=\"lazy\" class=\"alignright wp-image-4302\" src=\"http:\/\/usvhofamtpriel.at\/wp-content\/uploads\/2016\/07\/IMAG1839-300x170.jpg\" alt=\"IMAG1839\" width=\"450\" height=\"254\" srcset=\"http:\/\/usvhofamtpriel.at\/wp-content\/uploads\/2016\/07\/IMAG1839-300x170.jpg 300w, http:\/\/usvhofamtpriel.at\/wp-content\/uploads\/2016\/07\/IMAG1839-768x434.jpg 768w, http:\/\/usvhofamtpriel.at\/wp-content\/uploads\/2016\/07\/IMAG1839-1024x579.jpg 1024w, http:\/\/usvhofamtpriel.at\/wp-content\/uploads\/2016\/07\/IMAG1839-250x141.jpg 250w, http:\/\/usvhofamtpriel.at\/wp-content\/uploads\/2016\/07\/IMAG1839-150x85.jpg 150w, http:\/\/usvhofamtpriel.at\/wp-content\/uploads\/2016\/07\/IMAG1839-1150x650.jpg 1150w\" sizes=\"(max-width: 450px) 100vw, 450px\" \/><\/a>e:<br \/>\n2. Goldgr\u00e4ber Gucci Gang<br \/>\n3. Freiwillige Feuerwehr Weins<br \/>\n4. SP\u00d6 Hofamt Priel<br \/>\n5. Senioren Gottsdorf<br \/>\n6. SV Granz<br \/>\n7. Firma Z&amp;K<br \/>\n8. LJ Hofamt Priel<br \/>\n9. Schnapskompanie<br \/>\n10. Schiclub Gottsdorf<br \/>\n11. Firma Slawitschek<br \/>\n12. FP\u00d6 Hofamt Priel<br \/>\n13. Tennis<br \/>\n14. Musikverein<br \/>\n15. SV Conti<br \/>\n16. Beach<\/p>\n<p>Auf den sportlichen Nachmittag folgte abends beste Unterhaltung mit \u201eNordwand\u201c. Die Band spielte heuer bereits zum dritten Mal in der Stocksport- und Veranstaltungshalle auf und bot gewohnt tolle Unterhaltung und Musik bis sp\u00e4t in die Nacht.<\/p>\n<p>D<a href=\"http:\/\/usvhofamtpriel.at\/wp-content\/uploads\/2016\/08\/IMAG1895.jpg\"><img decoding=\"async\" loading=\"lazy\" class=\"wp-image-4299 alignleft\" src=\"http:\/\/usvhofamtpriel.at\/wp-content\/uploads\/2016\/08\/IMAG1895-300x170.jpg\" alt=\"IMAG1895\" width=\"450\" height=\"254\" srcset=\"http:\/\/usvhofamtpriel.at\/wp-content\/uploads\/2016\/08\/IMAG1895-300x170.jpg 300w, http:\/\/usvhofamtpriel.at\/wp-content\/uploads\/2016\/08\/IMAG1895-768x434.jpg 768w, http:\/\/usvhofamtpriel.at\/wp-content\/uploads\/2016\/08\/IMAG1895-1024x579.jpg 1024w, http:\/\/usvhofamtpriel.at\/wp-content\/uploads\/2016\/08\/IMAG1895-250x141.jpg 250w, http:\/\/usvhofamtpriel.at\/wp-content\/uploads\/2016\/08\/IMAG1895-150x85.jpg 150w, http:\/\/usvhofamtpriel.at\/wp-content\/uploads\/2016\/08\/IMAG1895-1150x650.jpg 1150w\" sizes=\"(max-width: 450px) 100vw, 450px\" \/><\/a>er Sonntag begann schlie\u00dflich um 09:00 Uhr mit der Festmesse, zelebriert von Herrn Pfarrer Mag. Jan Skryzpek. Musikalisch gestaltet wurde die Messe heuer erstmals vom Chor N\u00f6chling.<\/p>\n<p>Anschlie\u00dfend an die Festmesse folgte der obligatorische Fr\u00fchschoppen, wo heuer das erste Mal \u201eDie Weinser Teufel\u201c aufspielten. Die beiden Koch-Br\u00fcder brachten nochmals richtig Stimmung in die Halle und sorgten so f\u00fcr einen grandiosen Abschluss des heurigen Sportfestes.<\/p>\n<h3 style=\"text-align: center;\"><\/h3>\n<p><img decoding=\"async\" class=\"ngg_displayed_gallery mceItem\" src=\"http:\/\/usvhofamtpriel.at\/index.php\/nextgen-attach_to_post\/preview\/id--4252\" data-mce-placeholder=\"1\" \/><\/p>\n<p><img decoding=\"async\" class=\"ngg_displayed_gallery mceItem\" src=\"http:\/\/usvhofamtpriel.at\/index.php\/nextgen-attach_to_post\/preview\/id--4288\" data-mce-placeholder=\"1\" \/><\/p>\n<hr \/>\n<h3 style=\"text-align: left;\"><span class=\"_4n-j fsl\"><a href=\"http:\/\/usvhofamtpriel.at\/wp-content\/uploads\/2016\/06\/sportfest16.jpg\"><img decoding=\"async\" loading=\"lazy\" class=\"alignleft wp-image-4153\" src=\"http:\/\/usvhofamtpriel.at\/wp-content\/uploads\/2016\/06\/sportfest16.jpg\" alt=\"sportfest16\" width=\"330\" height=\"464\" srcset=\"http:\/\/usvhofamtpriel.at\/wp-content\/uploads\/2016\/06\/sportfest16.jpg 622w, http:\/\/usvhofamtpriel.at\/wp-content\/uploads\/2016\/06\/sportfest16-214x300.jpg 214w, http:\/\/usvhofamtpriel.at\/wp-content\/uploads\/2016\/06\/sportfest16-107x150.jpg 107w\" sizes=\"(max-width: 330px) 100vw, 330px\" \/><\/a><\/span><span class=\"_4n-j fsl\"><strong>Freitag, 15. Juli 2016<\/strong><\/span><\/h3>\n<p><span class=\"_4n-j fsl\">&#8211; 17:00 Uhr Jugendspiel<br \/>\n&#8211; 19:00 Uhr SV GMP \u2013 ASK Ybbs<br \/>\n&#8211; 21:00 Uhr Fester\u00f6ffnung und Livemusik: Die Mostlandst\u00fcrmer<br \/>\nEintritt 6\u20ac (ab 20:00 Uhr!)<br \/>\n<strong>ab 18.00 Uhr k\u00f6stliches SPANFERKEL<\/strong><br \/>\n<\/span><\/p>\n<h3><span class=\"_4n-j fsl\"><strong>Samstag, 16. Juli 2016<\/strong><\/span><\/h3>\n<p><span class=\"_4n-j fsl\">&#8211; 11:00 Uhr Kleinfeldturnier<br \/>\n&#8211; 21:00 Uhr Popschlager: Nordwand<span class=\"text_exposed_show\"><br \/>\nEintritt 6\u20ac<\/span><\/span><\/p>\n<h3><span class=\"_4n-j fsl\"><span class=\"text_exposed_show\"><strong>Sonntag, 17. Juli 2016<\/strong><\/span><\/span><\/h3>\n<p style=\"text-align: left;\"><span style=\"color: #000000;\"><span class=\"text_exposed_show\">&#8211; 09:00 Uhr Festmesse zelebriert von<br \/>\nHerrn Pfarrer Mag. Jan Skryzpek<br \/>\nrhythmisch gestaltet vom Chor N\u00f6chling<br \/>\n&#8211; 10:00 Uhr Fr\u00fchschoppen: Die Weinser Teufel<\/span><\/span><\/p>\n<p>&nbsp;<\/p>\n<p>&nbsp;<\/p>\n<p>&nbsp;<\/p>\n<p>&nbsp;<\/p>\n<p>&nbsp;<\/p>\n","protected":false},"excerpt":{"rendered":"<p>Von Freitag, 15. Juli, bis Sonntag, 17. Juli, ging das traditionelle Sportfest \u00fcber die B\u00fchne. Den Besuchern wurde wie immer ein umfangreiches Programm, gemischt aus Sport und Unterhaltung, geboten. Los ging\u2019s am Freitag bereits um 17.00 Uhr mit dem Jugendspiel der Burschen des SV Gottsdorf Marbach Persenbeug gegen den ASK\u2026<\/p>\n<p class=\"continue-reading-button\"> <a class=\"continue-reading-link\" href=\"http:\/\/usvhofamtpriel.at\/?p=4298\">mehr<i class=\"crycon-right-dir\"><\/i><\/a><\/p>\n","protected":false},"author":1,"featured_media":4299,"comment_status":"closed","ping_status":"closed","sticky":false,"template":"","format":"standard","meta":[],"categories":[1,9],"tags":[],"_links":{"self":[{"href":"http:\/\/usvhofamtpriel.at\/index.php?rest_route=\/wp\/v2\/posts\/4298"}],"collection":[{"href":"http:\/\/usvhofamtpriel.at\/index.php?rest_route=\/wp\/v2\/posts"}],"about":[{"href":"http:\/\/usvhofamtpriel.at\/index.php?rest_route=\/wp\/v2\/types\/post"}],"author":[{"embeddable":true,"href":"http:\/\/usvhofamtpriel.at\/index.php?rest_route=\/wp\/v2\/users\/1"}],"replies":[{"embeddable":true,"href":"http:\/\/usvhofamtpriel.at\/index.php?rest_route=%2Fwp%2Fv2%2Fcomments&post=4298"}],"version-history":[{"count":3,"href":"http:\/\/usvhofamtpriel.at\/index.php?rest_route=\/wp\/v2\/posts\/4298\/revisions"}],"predecessor-version":[{"id":4304,"href":"http:\/\/usvhofamtpriel.at\/index.php?rest_route=\/wp\/v2\/posts\/4298\/revisions\/4304"}],"wp:featuredmedia":[{"embeddable":true,"href":"http:\/\/usvhofamtpriel.at\/index.php?rest_route=\/wp\/v2\/media\/4299"}],"wp:attachment":[{"href":"http:\/\/usvhofamtpriel.at\/index.php?rest_route=%2Fwp%2Fv2%2Fmedia&parent=4298"}],"wp:term":[{"taxonomy":"category","embeddable":true,"href":"http:\/\/usvhofamtpriel.at\/index.php?rest_route=%2Fwp%2Fv2%2Fcategories&post=4298"},{"taxonomy":"post_tag","embeddable":true,"href":"http:\/\/usvhofamtpriel.at\/index.php?rest_route=%2Fwp%2Fv2%2Ftags&post=4298"}],"curies":[{"name":"wp","href":"https:\/\/api.w.org\/{rel}","templated":true}]}}